{"id":70,"date":"2024-01-03T16:40:38","date_gmt":"2024-01-03T16:40:38","guid":{"rendered":"https:\/\/gruporeal.app.br\/blog\/?p=70"},"modified":"2024-01-05T14:19:44","modified_gmt":"2024-01-05T14:19:44","slug":"sempre-no-azul-mas-sem-esquecer-do-verde","status":"publish","type":"post","link":"https:\/\/gruporeal.app.br\/blog\/2024\/01\/03\/sempre-no-azul-mas-sem-esquecer-do-verde\/","title":{"rendered":"Sempre no azul, mas sem esquecer do verde!"},"content":{"rendered":"\n<p class=\"has-text-color has-link-color wp-elements-6b1b83c38356887b237910ea466a1ae8\" style=\"color:#555555\">Confira algumas dicas valiosas para um neg\u00f3cio rent\u00e1vel e sustent\u00e1vel.<\/p>\n\n\n\n<p>Nos dias atuais, n\u00e3o h\u00e1 como dissociar o mundo corporativo de pr\u00e1ticas sustent\u00e1veis.<\/p>\n\n\n\n<p>\u00c9 o que indica um estudo realizado pela CNI, Confedera\u00e7\u00e3o Nacional da Ind\u00fastria, onde 98% das ind\u00fastrias brasileiras adotam ao menos uma a\u00e7\u00e3o sustent\u00e1vel.<\/p>\n\n\n\n<p style=\"font-size:24px\"><strong>INDEPENDENTE DO TAMANHO DA SUA EMPRESA, MEDIDAS SUSTENTAVEIS DEVEM SER UMA PAUTA CONSTANTE E INDISPENSAVEL.<\/strong><strong><\/strong><\/p>\n\n\n\n<p>Um erro achar que \u00e9 preciso iniciar com a\u00e7\u00f5es grandiosas e que demandam muito esfor\u00e7o e tempo, pelo contr\u00e1rio, voc\u00ea pode come\u00e7ar adotando pr\u00e1ticas simples, por\u00e9m, eficazes.<\/p>\n\n\n\n<p>Isso vai passar uma imagem positiva do seu neg\u00f3cio ao mercado, agregando valor \u00e0 sua marca e at\u00e9 reduzindo gastos desnecess\u00e1rios.<\/p>\n\n\n\n<p class=\"has-medium-font-size\"><strong>COMO COME\u00c7AR?<\/strong><strong><\/strong><\/p>\n\n\n\n<p>Confira abaixo algumas dicas simples que podem ser colocadas em pr\u00e1tica por todos os tipos de empresas.<\/p>\n\n\n\n<p><strong>Instala\u00e7\u00e3o de postos de coleta seletiva <\/strong><strong><\/strong><\/p>\n\n\n\n<p>Adote a coleta seletiva, uma pr\u00e1tica onde a separa\u00e7\u00e3o de res\u00edduos se faz de acordo com a possibilidade de serem ou n\u00e3o reciclados, dando uma destina\u00e7\u00e3o diferente a eles. Implante postos de recolhimento, separe o lixo em categorias e com cores diferentes:<\/p>\n\n\n\n<p>Azul: papel\/papel\u00e3o<\/p>\n\n\n\n<p>Vermelho: pl\u00e1stico<\/p>\n\n\n\n<p>Verde: vidro<\/p>\n\n\n\n<p>Amarelo: metal<\/p>\n\n\n\n<p>Marrom: res\u00edduos org\u00e2nicos<\/p>\n\n\n\n<p><strong>REDU\u00c7\u00c3O DO CONSUMO DE DESCART\u00c1VEIS<\/strong><strong><\/strong><\/p>\n\n\n\n<p>Promova campanhas incentivando seus colaboradores a usarem copos de vidro, canecas ou garrafinhas que podem ser lavadas e n\u00e3o descartadas.<\/p>\n\n\n\n<p>Al\u00e9m de reduzir a quantidade de lixo presente no meio ambiente, sua empresa tamb\u00e9m economiza com a compra de mais copos descart\u00e1veis.<\/p>\n\n\n\n<p><strong>USO CONSCIENTE DA \u00c1GUA E DA ENERGIA EL\u00c9TRICA<\/strong><strong><\/strong><\/p>\n\n\n\n<p>Economize na conta de \u00e1gua e energia, e ainda ajude o meio ambiente. O desperd\u00edcio de \u00e1gua e energia \u00e9 algo que precisa ser evitado. Adote pequenas pr\u00e1ticas que s\u00e3o muito importantes:<\/p>\n\n\n\n<p>\u2022 Use l\u00e2mpadas de LED, que tem maior vida \u00fatil e menos impacto no meio ambiente;<\/p>\n\n\n\n<p>\u2022 Desligue os equipamentos eletr\u00f4nicos ao inv\u00e9s de deix\u00e1-los no modo stand-by;<\/p>\n\n\n\n<p>\u2022 Sempre apague a luz das salas que n\u00e3o est\u00e3o sendo utilizadas;<\/p>\n\n\n\n<p>\u2022 Fa\u00e7a a capta\u00e7\u00e3o e o aproveitamento da \u00e1gua da chuva;<\/p>\n\n\n\n<p>\u2022 Use torneiras autom\u00e1ticas que controlam a sa\u00edda de \u00e1gua;<\/p>\n\n\n\n<p><strong>DESCARTE CORRETAMENTE O SEU LIXO ELETR\u00d4NICO<\/strong><strong><\/strong><\/p>\n\n\n\n<p>Computadores antigos, monitores, teclados, impressoras, TVs, telefones celulares e outros dispositivos eletr\u00f4nicos cont\u00eam metais pesados que s\u00e3o t\u00f3xicos e podem contaminar o meio ambiente.<\/p>\n\n\n\n<p>Ent\u00e3o, existem tr\u00eas solu\u00e7\u00f5es para voc\u00ea descartar o lixo eletr\u00f4nico da sua empresa: se o produto estiver em boas condi\u00e7\u00f5es, considere doar para ONGs ou outras organiza\u00e7\u00f5es; encaminhar o produto para empresas de reciclagem locais ou ainda devolver amfabricante para que ele d\u00ea a destina\u00e7\u00e3o correta ap\u00f3s o t\u00e9rmino do ciclo de vida do produto.<\/p>\n\n\n\n<p class=\"has-text-color has-link-color wp-elements-1e85ca20632458b0a906d35b26db94ae\" style=\"color:#555555\"><strong>NA REAL EQUIPAMENTOS <\/strong>voc\u00ea encontra produtos que podem te ajudar a dar os primeiros passos rumo \u00e0s pr\u00e1ticas das t\u00e3o importantes medidas sustent\u00e1veis.<\/p>\n\n\n\n<p class=\"has-text-color has-link-color wp-elements-368e3cc5081682e983068e18bc360c99\" style=\"color:#555555\">Acesse realequipamentos.com e garanta os produtos e equipamentos que permitem que o seu neg\u00f3cio possa unir rentabilidade sem nunca esquecer a sustentabilidade!<\/p>\n\n\n\n<hr class=\"wp-block-separator has-text-color has-white-color has-alpha-channel-opacity has-white-background-color has-background\"\/>\n\n\n\n<div class=\"wp-block-buttons is-layout-flex wp-block-buttons-is-layout-flex\">\n<div class=\"wp-block-button\"><a class=\"wp-block-button__link has-black-color has-text-color has-background has-link-color wp-element-button\" href=\"https:\/\/gruporeal.app.br\/blog\/wp-content\/uploads\/2024\/01\/Sempre-no-azul-mas-sem-esquecer-do-verde.pdf\" style=\"border-radius:4px;background-color:#ffc700\" target=\"_blank\" rel=\"noreferrer noopener\"><strong>BAIXAR E-BOOK<\/strong><\/a><\/div>\n<\/div>\n","protected":false},"excerpt":{"rendered":"<p>Confira algumas dicas valiosas para um neg\u00f3cio rent\u00e1vel e sustent\u00e1vel. Nos dias atuais, n\u00e3o h\u00e1 como dissociar o mundo corporativo de pr\u00e1ticas sustent\u00e1veis. \u00c9 o que indica um estudo realizado pela CNI, Confedera\u00e7\u00e3o Nacional da Ind\u00fastria, onde 98% das ind\u00fastrias brasileiras adotam ao menos uma a\u00e7\u00e3o sustent\u00e1vel. INDEPENDENTE DO TAMANHO DA SUA EMPRESA, MEDIDAS SUSTENTAVEIS [&hellip;]<\/p>\n","protected":false},"author":2,"featured_media":81,"comment_status":"open","ping_status":"open","sticky":false,"template":"","format":"standard","meta":{"_acf_changed":false,"footnotes":""},"categories":[13],"tags":[],"class_list":["post-70","post","type-post","status-publish","format-standard","has-post-thumbnail","hentry","category-sustentabilidade"],"acf":[],"_links":{"self":[{"href":"https:\/\/gruporeal.app.br\/blog\/wp-json\/wp\/v2\/posts\/70","targetHints":{"allow":["GET"]}}],"collection":[{"href":"https:\/\/gruporeal.app.br\/blog\/wp-json\/wp\/v2\/posts"}],"about":[{"href":"https:\/\/gruporeal.app.br\/blog\/wp-json\/wp\/v2\/types\/post"}],"author":[{"embeddable":true,"href":"https:\/\/gruporeal.app.br\/blog\/wp-json\/wp\/v2\/users\/2"}],"replies":[{"embeddable":true,"href":"https:\/\/gruporeal.app.br\/blog\/wp-json\/wp\/v2\/comments?post=70"}],"version-history":[{"count":3,"href":"https:\/\/gruporeal.app.br\/blog\/wp-json\/wp\/v2\/posts\/70\/revisions"}],"predecessor-version":[{"id":127,"href":"https:\/\/gruporeal.app.br\/blog\/wp-json\/wp\/v2\/posts\/70\/revisions\/127"}],"wp:featuredmedia":[{"embeddable":true,"href":"https:\/\/gruporeal.app.br\/blog\/wp-json\/wp\/v2\/media\/81"}],"wp:attachment":[{"href":"https:\/\/gruporeal.app.br\/blog\/wp-json\/wp\/v2\/media?parent=70"}],"wp:term":[{"taxonomy":"category","embeddable":true,"href":"https:\/\/gruporeal.app.br\/blog\/wp-json\/wp\/v2\/categories?post=70"},{"taxonomy":"post_tag","embeddable":true,"href":"https:\/\/gruporeal.app.br\/blog\/wp-json\/wp\/v2\/tags?post=70"}],"curies":[{"name":"wp","href":"https:\/\/api.w.org\/{rel}","templated":true}]}}