{"id":57,"date":"2024-01-03T15:55:45","date_gmt":"2024-01-03T15:55:45","guid":{"rendered":"https:\/\/gruporeal.app.br\/blog\/?p=57"},"modified":"2024-01-05T14:14:03","modified_gmt":"2024-01-05T14:14:03","slug":"abra-seu-salao-de-beleza-para-fazer-bonito-com-os-seus-clientes-e-nos-resultados","status":"publish","type":"post","link":"https:\/\/gruporeal.app.br\/blog\/2024\/01\/03\/abra-seu-salao-de-beleza-para-fazer-bonito-com-os-seus-clientes-e-nos-resultados\/","title":{"rendered":"Abra seu sal\u00e3o de beleza para fazer bonito com os seus clientes e nos resultados."},"content":{"rendered":"\n<p class=\"has-cyan-bluish-gray-color has-text-color has-link-color has-medium-font-size wp-elements-4d5e9292b6fbc9e351f79b36bf37a1ea\">O guia para quem quer abrir seu primeiro sal\u00e3o e brilhar nos neg\u00f3cios!<\/p>\n\n\n\n<p class=\"has-medium-font-size\">Se voc\u00ea possui o dom e adora dar um UP&nbsp;na autoestima das pessoas, montar seu pr\u00f3prio sal\u00e3o de beleza pode ser um excelente meio de empreender. Al\u00e9m de muito rent\u00e1vel, \u00e9 poss\u00edvel iniciar seu sonho com uma estrutura pequena e ir expandindo conforme voc\u00ea for fidelizando clientes e atraindo novos.<\/p>\n\n\n\n<p style=\"font-size:24px\"><strong>\u00c9 seguro investir num sal\u00e3o de beleza?<\/strong><\/p>\n\n\n\n<p>Segundos dados da ABIHPE, Associa\u00e7\u00e3o Brasileira de Higiene Pessoal, Perfumaria e Cosm\u00e9ticos, o setor cresce 8,2% ao ano (em m\u00e9dia), o que equivale a uma movimenta\u00e7\u00e3o anual na ordem de R$ 100 bilh\u00f5es.<\/p>\n\n\n\n<p>Mesmo em per\u00edodos de crise, o segmento de beleza consegue manter seu p\u00fablico, afinal, manter a autoestima em dia \u00e9 uma forma das pessoas sentirem-se confiantes e mais animadas para enfrentar os desafios do dia a dia.<\/p>\n\n\n\n<p style=\"font-size:24px\"><strong>Dicas \u00fateis para quem vai abrir um sal\u00e3o.<\/strong><strong><\/strong><\/p>\n\n\n\n<p><strong>Escolha com crit\u00e9rio o local<\/strong><strong><\/strong><\/p>\n\n\n\n<p>Como todo bom neg\u00f3cio, planejamento \u00e9 fundamental. Defina um bom local para iniciar, ainda que seja num espa\u00e7o pequeno no in\u00edcio, como na sua casa por exemplo.<\/p>\n\n\n\n<p><strong>Defina os servi\u00e7os<\/strong><strong><\/strong><\/p>\n\n\n\n<p>Listar os servi\u00e7os \u00e9 b\u00e1sico para voc\u00ea saber quais equipamentos precisar\u00e1 adquirir de in\u00edcio e evitar desperd\u00edcios investindo mais do que o necess\u00e1rio, de acordo com os seus objetivos iniciais.<\/p>\n\n\n\n<p style=\"font-size:24px\"><strong>Confira algumas dicas de leitura que vai te inspirar e motivar:<\/strong><strong><\/strong><\/p>\n\n\n\n<p><strong>A arte de encantar clientes: 5 passos para atender com excel\u00eancia e impulsionar os neg\u00f3cios.<\/strong><\/p>\n\n\n\n<p>Autor: Erik Penna<\/p>\n\n\n\n<p><strong>Gest\u00e3o de sal\u00f5es de beleza | <\/strong><\/p>\n\n\n\n<p>Autora: Maria Sueli Mendon\u00e7a e Rosane Succk Tavares.<\/p>\n\n\n\n<p><strong>Beleza Natural. A Hist\u00f3ria da Rede de Cabeleireiros que Levantou a Autoestima das Brasileiras.<\/strong><\/p>\n\n\n\n<p>Autora: Liana Melo.<\/p>\n\n\n\n<p class=\"has-black-color has-text-color has-link-color has-small-font-size wp-elements-4f0513a66c23622786cd465e49fb9b85\">Na Real&nbsp;Equipamentos&nbsp;voc\u00ea encontra tudo para montar seu sal\u00e3o de beleza, como: cadeiras de corte, lavat\u00f3rios, carrinhos auxiliares, espelhos, produtos profissionais para cabelo e muito mais!<\/p>\n\n\n\n<p class=\"has-black-color has-text-color has-link-color has-small-font-size wp-elements-efbb4136d33efe2aec1ffbddadb1a1ae\">Acesse&nbsp;realequipamentos.com&nbsp;e garanta os produtos e equipamentos para voc\u00ea ficar bem na foto e come\u00e7ar a lucrar com o seu pr\u00f3prio sal\u00e3o de beleza.<\/p>\n\n\n\n<hr class=\"wp-block-separator has-text-color has-white-color has-alpha-channel-opacity has-white-background-color has-background\"\/>\n\n\n\n<div class=\"wp-block-buttons is-layout-flex wp-block-buttons-is-layout-flex\">\n<div class=\"wp-block-button has-custom-font-size has-medium-font-size\"><a class=\"wp-block-button__link has-black-color has-text-color has-background has-link-color wp-element-button\" href=\"https:\/\/gruporeal.app.br\/blog\/wp-content\/uploads\/2024\/01\/01-Abra-seu-salao-de-beleza.pdf\" style=\"border-radius:4px;background-color:#ffc700\" target=\"_blank\" rel=\"noreferrer noopener\"><strong>BAIXAR E-BOOK<\/strong><\/a><\/div>\n<\/div>\n","protected":false},"excerpt":{"rendered":"<p>O guia para quem quer abrir seu primeiro sal\u00e3o e brilhar nos neg\u00f3cios! Se voc\u00ea possui o dom e adora dar um UP&nbsp;na autoestima das pessoas, montar seu pr\u00f3prio sal\u00e3o de beleza pode ser um excelente meio de empreender. Al\u00e9m de muito rent\u00e1vel, \u00e9 poss\u00edvel iniciar seu sonho com uma estrutura pequena e ir expandindo [&hellip;]<\/p>\n","protected":false},"author":2,"featured_media":63,"comment_status":"open","ping_status":"open","sticky":false,"template":"","format":"standard","meta":{"_acf_changed":false,"footnotes":""},"categories":[10],"tags":[],"class_list":["post-57","post","type-post","status-publish","format-standard","has-post-thumbnail","hentry","category-salao-de-beleza"],"acf":[],"_links":{"self":[{"href":"https:\/\/gruporeal.app.br\/blog\/wp-json\/wp\/v2\/posts\/57","targetHints":{"allow":["GET"]}}],"collection":[{"href":"https:\/\/gruporeal.app.br\/blog\/wp-json\/wp\/v2\/posts"}],"about":[{"href":"https:\/\/gruporeal.app.br\/blog\/wp-json\/wp\/v2\/types\/post"}],"author":[{"embeddable":true,"href":"https:\/\/gruporeal.app.br\/blog\/wp-json\/wp\/v2\/users\/2"}],"replies":[{"embeddable":true,"href":"https:\/\/gruporeal.app.br\/blog\/wp-json\/wp\/v2\/comments?post=57"}],"version-history":[{"count":5,"href":"https:\/\/gruporeal.app.br\/blog\/wp-json\/wp\/v2\/posts\/57\/revisions"}],"predecessor-version":[{"id":111,"href":"https:\/\/gruporeal.app.br\/blog\/wp-json\/wp\/v2\/posts\/57\/revisions\/111"}],"wp:featuredmedia":[{"embeddable":true,"href":"https:\/\/gruporeal.app.br\/blog\/wp-json\/wp\/v2\/media\/63"}],"wp:attachment":[{"href":"https:\/\/gruporeal.app.br\/blog\/wp-json\/wp\/v2\/media?parent=57"}],"wp:term":[{"taxonomy":"category","embeddable":true,"href":"https:\/\/gruporeal.app.br\/blog\/wp-json\/wp\/v2\/categories?post=57"},{"taxonomy":"post_tag","embeddable":true,"href":"https:\/\/gruporeal.app.br\/blog\/wp-json\/wp\/v2\/tags?post=57"}],"curies":[{"name":"wp","href":"https:\/\/api.w.org\/{rel}","templated":true}]}}