{"id":280,"date":"2025-02-09T10:00:00","date_gmt":"2025-02-09T10:00:00","guid":{"rendered":"https:\/\/gruporeal.app.br\/blog\/?p=280"},"modified":"2025-02-07T17:46:57","modified_gmt":"2025-02-07T17:46:57","slug":"descubra-as-principais-vantagens-do-processador-multiuso-e-otimize-sua-cozinha","status":"publish","type":"post","link":"https:\/\/gruporeal.app.br\/blog\/2025\/02\/09\/descubra-as-principais-vantagens-do-processador-multiuso-e-otimize-sua-cozinha\/","title":{"rendered":"Descubra as Principais Vantagens do Processador Multiuso e Otimize Sua Cozinha!"},"content":{"rendered":"\n<p class=\"has-text-color has-link-color wp-elements-c473a2eabc675b0e8f2657e7db4228ed\" style=\"color:#252c2d\">Revolucione sua rotina com o <strong>processador de alimentos<\/strong>, o equipamento ideal para quem deseja ganhar tempo e garantir cortes precisos em segundos. Compacto e funcional, ele transforma tarefas como picar cebola, alho, ervas e nozes em um processo r\u00e1pido e descomplicado.<\/p>\n\n\n\n<p class=\"has-text-color has-link-color wp-elements-75e3da1654bf5346d96d6f362941943d\" style=\"color:#252c2d\">Com l\u00e2minas de a\u00e7o inoxid\u00e1vel e acionamento por corda, o processador oferece praticidade sem esfor\u00e7o. Al\u00e9m de eficiente, seu design moderno se adapta perfeitamente a qualquer ambiente, seja na sua casa, em pequenos caf\u00e9s ou at\u00e9 mesmo em grandes restaurantes.<\/p>\n\n\n\n<h3 class=\"wp-block-heading\"><strong>Agilidade na Prepara\u00e7\u00e3o de Saladas<\/strong><\/h3>\n\n\n\n<p class=\"has-text-color has-link-color wp-elements-feaa65486f32308326338cf1a7199e06\" style=\"color:#252c2d\">Montar saladas pode ser uma tarefa demorada quando feita manualmente. Com o <strong>cortador multiuso<\/strong>, voc\u00ea prepara rapidamente ingredientes como:<\/p>\n\n\n\n<div class=\"wp-block-media-text has-media-on-the-right is-stacked-on-mobile is-image-fill-element\"><div class=\"wp-block-media-text__content\">\n<ul class=\"wp-block-list\">\n<li>Tomates;<\/li>\n\n\n\n<li>Cenouras;<\/li>\n\n\n\n<li>Pepinos;<\/li>\n\n\n\n<li>Cebolas;<\/li>\n\n\n\n<li>Folhas e ervas.<\/li>\n<\/ul>\n\n\n\n<p>Em poucos minutos, todos os ingredientes podem estar prontos para serem misturados, garantindo rapidez no servi\u00e7o e um produto final de alta qualidade.<\/p>\n<\/div><figure class=\"wp-block-media-text__media\"><img loading=\"lazy\" decoding=\"async\" width=\"683\" height=\"1024\" src=\"https:\/\/gruporeal.app.br\/blog\/wp-content\/uploads\/2025\/02\/eec4b05b63a5e93eb450166e9683ff83-1-683x1024.jpg\" alt=\"Salada com cenoura, tomate e abacate cortados.\" class=\"wp-image-284 size-large\" style=\"object-position:61% 53%\" srcset=\"https:\/\/gruporeal.app.br\/blog\/wp-content\/uploads\/2025\/02\/eec4b05b63a5e93eb450166e9683ff83-1-683x1024.jpg 683w, https:\/\/gruporeal.app.br\/blog\/wp-content\/uploads\/2025\/02\/eec4b05b63a5e93eb450166e9683ff83-1-200x300.jpg 200w, https:\/\/gruporeal.app.br\/blog\/wp-content\/uploads\/2025\/02\/eec4b05b63a5e93eb450166e9683ff83-1-768x1152.jpg 768w, https:\/\/gruporeal.app.br\/blog\/wp-content\/uploads\/2025\/02\/eec4b05b63a5e93eb450166e9683ff83-1-1024x1536.jpg 1024w, https:\/\/gruporeal.app.br\/blog\/wp-content\/uploads\/2025\/02\/eec4b05b63a5e93eb450166e9683ff83-1.jpg 1140w\" sizes=\"auto, (max-width: 683px) 100vw, 683px\" \/><\/figure><\/div>\n\n\n\n<hr class=\"wp-block-separator aligncenter has-text-color has-white-color has-alpha-channel-opacity has-white-background-color has-background\"\/>\n\n\n\n<h3 class=\"wp-block-heading\"><strong>Como usar um <\/strong><strong>Processador de Alimentos PA7 PRO SKYMSEN <\/strong><strong>para Montar sua Salada<\/strong><\/h3>\n\n\n\n<hr class=\"wp-block-separator aligncenter has-text-color has-white-color has-alpha-channel-opacity has-white-background-color has-background\"\/>\n\n\n\n<ol class=\"wp-block-list\">\n<li><strong>Escolha os Ingredientes Certos<\/strong><strong><br><\/strong>Comece selecionando os ingredientes frescos que ir\u00e3o compor sua salada. Para saladas mais crocantes, pepino e cenoura s\u00e3o excelentes escolhas. Se o objetivo \u00e9 uma salada mais leve, aposte em folhas verdes e ervas.<\/li>\n\n\n\n<li><strong>Corte R\u00e1pido e Eficiente com o Processador<\/strong><strong><br><\/strong>Coloque os ingredientes cortados grosseiramente dentro do recipiente de 900ml do processador. Ao puxar a corda, as l\u00e2minas afiad\u00edssimas far\u00e3o o trabalho por voc\u00ea. Em segundos, os vegetais estar\u00e3o picados uniformemente, prontos para serem servidos.<\/li>\n\n\n\n<li><strong>Mistura Uniforme<\/strong><strong><br><\/strong>Uma grande vantagem do processador \u00e9 sua capacidade de garantir um corte homog\u00eaneo, essencial para uma apresenta\u00e7\u00e3o de prato profissional. Ao servir a salada, os ingredientes picados de forma padronizada criam uma experi\u00eancia visual agrad\u00e1vel, al\u00e9m de melhorar o sabor ao misturar melhor os temperos.<\/li>\n\n\n\n<li><strong>Facilidade na Limpeza<\/strong> <br>Ap\u00f3s o uso, o <strong>PROCESSADOR ALIMENTOS PA7 PRO SKYMSEN 702609 127-220V<\/strong> \u00e9 f\u00e1cil de limpar, sendo compat\u00edvel com lava-lou\u00e7as, o que economiza tempo na rotina da cozinha e mant\u00e9m a efici\u00eancia do seu neg\u00f3cio.<\/li>\n<\/ol>\n\n\n\n<h3 class=\"wp-block-heading\"><strong>Benef\u00edcios de um&nbsp; Processador de Alimentos PA7 PRO SKYMSEN 702609 127-220V<\/strong><\/h3>\n\n\n\n<p>Al\u00e9m de sua praticidade na prepara\u00e7\u00e3o de saladas, o <strong>Processador PA7 PRO SKYMSEN<\/strong> pode ser utilizado para uma vasta gama de tarefas na cozinha, como:<\/p>\n\n\n\n<div class=\"wp-block-media-text has-media-on-the-right is-stacked-on-mobile is-image-fill-element\" style=\"grid-template-columns:auto 38%\"><div class=\"wp-block-media-text__content\">\n<ul class=\"wp-block-list\">\n<li>Prepara\u00e7\u00e3o de molhos;<\/li>\n\n\n\n<li>Picar ingredientes para sopas;<\/li>\n\n\n\n<li>Triturar ervas e especiarias;<\/li>\n\n\n\n<li>Cortar frutas para sobremesas.<\/li>\n<\/ul>\n\n\n\n<p>Essa versatilidade faz com que o processador seja um investimento valioso para qualquer estabelecimento que trabalhe com alimentos.<\/p>\n<\/div><figure class=\"wp-block-media-text__media\"><img loading=\"lazy\" decoding=\"async\" width=\"234\" height=\"300\" src=\"https:\/\/gruporeal.app.br\/blog\/wp-content\/uploads\/2025\/02\/processador_de_alimentos_7_disco-234x300.png\" alt=\"Processador de Alimentos PA7 PRO SKYMSEN 702609 127-220V\" class=\"wp-image-287 size-medium\" style=\"object-position:52% 39%\" srcset=\"https:\/\/gruporeal.app.br\/blog\/wp-content\/uploads\/2025\/02\/processador_de_alimentos_7_disco-234x300.png 234w, https:\/\/gruporeal.app.br\/blog\/wp-content\/uploads\/2025\/02\/processador_de_alimentos_7_disco.png 625w\" sizes=\"auto, (max-width: 234px) 100vw, 234px\" \/><\/figure><\/div>\n\n\n\n<hr class=\"wp-block-separator aligncenter has-text-color has-white-color has-alpha-channel-opacity has-white-background-color has-background\"\/>\n\n\n\n<h4 class=\"wp-block-heading\"><strong>Dicas de Receitas de Saladas<\/strong><\/h4>\n\n\n\n<hr class=\"wp-block-separator aligncenter has-text-color has-light-color has-alpha-channel-opacity has-light-background-color has-background\"\/>\n\n\n\n<h5 class=\"wp-block-heading\"><strong>Salada Crocante de Cenoura e Pepin<\/strong>o<\/h5>\n\n\n<div class=\"wp-block-image\">\n<figure class=\"aligncenter size-full is-resized\"><img loading=\"lazy\" decoding=\"async\" width=\"1024\" height=\"682\" src=\"https:\/\/gruporeal.app.br\/blog\/wp-content\/uploads\/2025\/02\/79e30506f45e6a849b58e6aad3550beb.jpg\" alt=\"Salada Crocante de Cenoura e Pepino\" class=\"wp-image-289\" style=\"width:600px\" srcset=\"https:\/\/gruporeal.app.br\/blog\/wp-content\/uploads\/2025\/02\/79e30506f45e6a849b58e6aad3550beb.jpg 1024w, https:\/\/gruporeal.app.br\/blog\/wp-content\/uploads\/2025\/02\/79e30506f45e6a849b58e6aad3550beb-300x200.jpg 300w, https:\/\/gruporeal.app.br\/blog\/wp-content\/uploads\/2025\/02\/79e30506f45e6a849b58e6aad3550beb-768x512.jpg 768w\" sizes=\"auto, (max-width: 1024px) 100vw, 1024px\" \/><figcaption class=\"wp-element-caption\"><sub>Imagem meramente ilustrativa.<\/sub><\/figcaption><\/figure>\n<\/div>\n\n\n<ul class=\"wp-block-list\">\n<li>Ingredientes:\n<ul class=\"wp-block-list\">\n<li>2 cenouras;<\/li>\n\n\n\n<li>1 pepino;<\/li>\n\n\n\n<li>1 cebola roxa pequena;<\/li>\n\n\n\n<li>Ervas frescas (salsa e coentro);<\/li>\n\n\n\n<li>Molho de azeite e lim\u00e3o.<\/li>\n<\/ul>\n<\/li>\n\n\n\n<li>Modo de preparo:\n<ul class=\"wp-block-list\">\n<li>Coloque as cenouras e o pepino no processador e corte-os em fatias finas;<\/li>\n\n\n\n<li>Adicione a cebola e as ervas, tamb\u00e9m processando at\u00e9 atingir o corte desejado;<\/li>\n\n\n\n<li>Misture tudo em uma tigela e tempere com o molho de azeite e lim\u00e3o.<\/li>\n<\/ul>\n<\/li>\n<\/ul>\n\n\n\n<h5 class=\"wp-block-heading\"><strong>Salada de Alface com Frango Desfiado<\/strong><\/h5>\n\n\n<div class=\"wp-block-image\">\n<figure class=\"aligncenter size-full is-resized\"><img loading=\"lazy\" decoding=\"async\" width=\"650\" height=\"650\" src=\"https:\/\/gruporeal.app.br\/blog\/wp-content\/uploads\/2025\/02\/salada-com-frango-desfiado.jpg\" alt=\"Salada de Alface com Frango Desfiado\" class=\"wp-image-290\" style=\"aspect-ratio:4\/3;object-fit:cover;width:600px\" srcset=\"https:\/\/gruporeal.app.br\/blog\/wp-content\/uploads\/2025\/02\/salada-com-frango-desfiado.jpg 650w, https:\/\/gruporeal.app.br\/blog\/wp-content\/uploads\/2025\/02\/salada-com-frango-desfiado-300x300.jpg 300w, https:\/\/gruporeal.app.br\/blog\/wp-content\/uploads\/2025\/02\/salada-com-frango-desfiado-150x150.jpg 150w\" sizes=\"auto, (max-width: 650px) 100vw, 650px\" \/><figcaption class=\"wp-element-caption\"><sub>Imagem meramente ilustrativa.<\/sub><\/figcaption><\/figure>\n<\/div>\n\n\n<ul class=\"wp-block-list\">\n<li>Ingredientes:\n<ul class=\"wp-block-list\">\n<li>Folhas de alface americana<\/li>\n\n\n\n<li>Frango desfiado<\/li>\n\n\n\n<li>Tomate cereja<\/li>\n\n\n\n<li>Queijo parmes\u00e3o ralado<\/li>\n<\/ul>\n<\/li>\n\n\n\n<li>Modo de preparo:\n<ul class=\"wp-block-list\">\n<li>Corte o frango desfiado em peda\u00e7os menores no processador.<\/li>\n\n\n\n<li>Misture com o alface e os tomates, adicionando o parmes\u00e3o ralado por cima.<\/li>\n<\/ul>\n<\/li>\n<\/ul>\n\n\n\n<h3 class=\"wp-block-heading\"><strong>Por Que Escolher o Cortador Multiuso?<\/strong><\/h3>\n\n\n\n<p>Este <strong>processador multiuso<\/strong> \u00e9 uma excelente op\u00e7\u00e3o para quem busca:<\/p>\n\n\n\n<ul class=\"wp-block-list\">\n<li><strong>Efici\u00eancia<\/strong>: Com seu sistema de l\u00e2minas afiadas e o sistema de corda, voc\u00ea economiza tempo sem comprometer a qualidade.<\/li>\n\n\n\n<li><strong>Facilidade de uso<\/strong>: O design ergon\u00f4mico e intuitivo torna o uso f\u00e1cil at\u00e9 para quem n\u00e3o est\u00e1 acostumado a usar processadores.<\/li>\n\n\n\n<li><strong>Durabilidade<\/strong>: Feito com materiais resistentes, como a\u00e7o inoxid\u00e1vel e PP, este equipamento foi projetado para durar, mesmo com uso frequente.<\/li>\n<\/ul>\n\n\n\n<div class=\"wp-block-media-text is-stacked-on-mobile\" style=\"grid-template-columns:30% auto\"><figure class=\"wp-block-media-text__media\"><img loading=\"lazy\" decoding=\"async\" width=\"611\" height=\"850\" src=\"https:\/\/gruporeal.app.br\/blog\/wp-content\/uploads\/2025\/02\/pa7-pro-processador-de-alimentos-inox-com-7-discos-diametro-203-mm-0-5cv-127-220-v_3677.png\" alt=\"Processador de Alimentos PA7 PRO SKYMSEN 702609 127-220V\" class=\"wp-image-292 size-full\" srcset=\"https:\/\/gruporeal.app.br\/blog\/wp-content\/uploads\/2025\/02\/pa7-pro-processador-de-alimentos-inox-com-7-discos-diametro-203-mm-0-5cv-127-220-v_3677.png 611w, https:\/\/gruporeal.app.br\/blog\/wp-content\/uploads\/2025\/02\/pa7-pro-processador-de-alimentos-inox-com-7-discos-diametro-203-mm-0-5cv-127-220-v_3677-216x300.png 216w\" sizes=\"auto, (max-width: 611px) 100vw, 611px\" \/><\/figure><div class=\"wp-block-media-text__content\">\n<p><strong>Pronto para revolucionar sua cozinha?<\/strong><br>O\u00a0<strong>Processador de Alimentos PA7 Pro Skymsen 702609<\/strong>\u00a0\u00e9 o aliado perfeito para quem busca praticidade, durabilidade e alto desempenho. Com design em inox e versatilidade para 127V ou 220V, ele simplifica o preparo de alimentos, desde cortes precisos at\u00e9 misturas homog\u00eaneas, economizando tempo e esfor\u00e7o.<\/p>\n\n\n\n<p>N\u00e3o perca a oportunidade de elevar sua produ\u00e7\u00e3o culin\u00e1ria a outro patamar!\u00a0<strong>Adquira j\u00e1 o seu PA7 Pro Skymsen e descubra como ele pode transformar sua rotina na cozinha.<\/strong><\/p>\n\n\n\n<p><a href=\"https:\/\/realequipamentos.com\/processador-alimentos-pa7-pro-skymsen-702609-127-220v.html\" data-type=\"link\" data-id=\"https:\/\/realequipamentos.com\/processador-alimentos-pa7-pro-skymsen-702609-127-220v.html\">\ud83d\udc49\u00a0<strong>Clique aqui para garantir o seu!<\/strong><\/a><\/p>\n<\/div><\/div>\n\n\n\n<h4 class=\"wp-block-heading\"><strong>A Real Equipamentos: Sua Parceira Ideal<\/strong><\/h4>\n\n\n\n<p>A <strong>Real Equipamentos<\/strong> \u00e9 a parceira ideal para empres\u00e1rios e empreendedores no setor de alimenta\u00e7\u00e3o no Norte do Brasil. Nossa miss\u00e3o \u00e9 oferecer produtos de alta qualidade para equipar sua cozinha com o que h\u00e1 de melhor.<\/p>\n\n\n\n<p>Se voc\u00ea est\u00e1 em Manaus, Parintins, Santar\u00e9m ou Boa Vista, convidamos voc\u00ea a visitar nossas lojas f\u00edsicas e conferir de perto o <strong>cortador multiuso<\/strong>. Para quem prefere a praticidade de comprar online, nosso site est\u00e1 \u00e0 sua disposi\u00e7\u00e3o com entrega para todo o Brasil.<\/p>\n\n\n\n<p>Garanta j\u00e1 o seu processador e otimize a produtividade do seu neg\u00f3cio com a Real Equipamentos!<\/p>\n\n\n\n<p><\/p>\n","protected":false},"excerpt":{"rendered":"<p>Revolucione sua rotina com o processador de alimentos, o equipamento ideal para quem deseja ganhar tempo e garantir cortes precisos em segundos. Compacto e funcional, ele transforma tarefas como picar cebola, alho, ervas e nozes em um processo r\u00e1pido e descomplicado. Com l\u00e2minas de a\u00e7o inoxid\u00e1vel e acionamento por corda, o processador oferece praticidade sem [&hellip;]<\/p>\n","protected":false},"author":2,"featured_media":302,"comment_status":"open","ping_status":"open","sticky":false,"template":"","format":"standard","meta":{"_acf_changed":false,"footnotes":""},"categories":[14,12,4],"tags":[16,18,19,15],"class_list":["post-280","post","type-post","status-publish","format-standard","has-post-thumbnail","hentry","category-dicas-para-o-seu-negocio","category-empreendedorismo","category-restaurantes","tag-dicas","tag-equipamentos","tag-negocio","tag-restaurante"],"acf":[],"_links":{"self":[{"href":"https:\/\/gruporeal.app.br\/blog\/wp-json\/wp\/v2\/posts\/280","targetHints":{"allow":["GET"]}}],"collection":[{"href":"https:\/\/gruporeal.app.br\/blog\/wp-json\/wp\/v2\/posts"}],"about":[{"href":"https:\/\/gruporeal.app.br\/blog\/wp-json\/wp\/v2\/types\/post"}],"author":[{"embeddable":true,"href":"https:\/\/gruporeal.app.br\/blog\/wp-json\/wp\/v2\/users\/2"}],"replies":[{"embeddable":true,"href":"https:\/\/gruporeal.app.br\/blog\/wp-json\/wp\/v2\/comments?post=280"}],"version-history":[{"count":9,"href":"https:\/\/gruporeal.app.br\/blog\/wp-json\/wp\/v2\/posts\/280\/revisions"}],"predecessor-version":[{"id":296,"href":"https:\/\/gruporeal.app.br\/blog\/wp-json\/wp\/v2\/posts\/280\/revisions\/296"}],"wp:featuredmedia":[{"embeddable":true,"href":"https:\/\/gruporeal.app.br\/blog\/wp-json\/wp\/v2\/media\/302"}],"wp:attachment":[{"href":"https:\/\/gruporeal.app.br\/blog\/wp-json\/wp\/v2\/media?parent=280"}],"wp:term":[{"taxonomy":"category","embeddable":true,"href":"https:\/\/gruporeal.app.br\/blog\/wp-json\/wp\/v2\/categories?post=280"},{"taxonomy":"post_tag","embeddable":true,"href":"https:\/\/gruporeal.app.br\/blog\/wp-json\/wp\/v2\/tags?post=280"}],"curies":[{"name":"wp","href":"https:\/\/api.w.org\/{rel}","templated":true}]}}