{"id":161,"date":"2024-01-31T19:39:08","date_gmt":"2024-01-31T19:39:08","guid":{"rendered":"https:\/\/gruporeal.app.br\/blog\/?p=161"},"modified":"2024-01-31T19:44:33","modified_gmt":"2024-01-31T19:44:33","slug":"nunca-foi-tao-facil-abrir-seu-negocio","status":"publish","type":"post","link":"https:\/\/gruporeal.app.br\/blog\/2024\/01\/31\/nunca-foi-tao-facil-abrir-seu-negocio\/","title":{"rendered":"Nunca foi t\u00e3o f\u00e1cil abrir seu neg\u00f3cio"},"content":{"rendered":"\n<p>Chega de protelar o seu sonho: Seja dono do seu pr\u00f3prio neg\u00f3cio em 2024!<\/p>\n\n\n\n<p><strong>N\u00e3o faltam motivos para voc\u00ea iniciar seu neg\u00f3cio: apoio para o seu desenvolvimento, seu desejo e um belo incentivo da melhor parceira do empreendedor.<\/strong><\/p>\n\n\n\n<p class=\"has-medium-font-size\"><strong>Seja dono do seu pr\u00f3prio neg\u00f3cio em 2024!<\/strong><\/p>\n\n\n\n<p>Se voc\u00ea j\u00e1 possui um desejo, uma expertise e uma ideia inicial, \u00f3timo! Uma primeira barreira j\u00e1 foi rompida. Agora, \u00e9 fundamental contar com o apoio irrestrito do SEBRAE, uma entidade privada que promove a competitividade e o desenvolvimento sustent\u00e1vel dos empreendimentos de micro pequenas empresas\u2013 aqueles com faturamento bruto anual de at\u00e9 R$ 4,8 milh\u00f5es.<\/p>\n\n\n\n<p class=\"has-medium-font-size\"><strong>Pratique o autoconhecimento <\/strong><\/p>\n\n\n\n<div class=\"wp-block-columns is-layout-flex wp-container-core-columns-is-layout-9d6595d7 wp-block-columns-is-layout-flex\">\n<div class=\"wp-block-column is-layout-flow wp-block-column-is-layout-flow\">\n<p>Sim, saber exatamente quem voc\u00ea \u00e9, conhecer a fundo seus produtos e servi\u00e7os e, principalmente, de que forma eles podem ser um verdadeiro diferencial para os clientes, \u00e9 de suma import\u00e2ncia para essa largada inicial rumo ao sucesso.<\/p>\n\n\n\n<p>Segundo a psic\u00f3loga Carol Dweck, mentalidade de crescimento \u00e9 o conjunto de cren\u00e7as que far\u00e1 voc\u00ea ir em busca de desafios e, consequentemente, aperfei\u00e7oamento constante.<\/p>\n<\/div>\n\n\n\n<div class=\"wp-block-column is-layout-flow wp-block-column-is-layout-flow\">\n<figure class=\"wp-block-image size-full is-resized\"><img loading=\"lazy\" decoding=\"async\" width=\"427\" height=\"459\" src=\"https:\/\/gruporeal.app.br\/blog\/wp-content\/uploads\/2024\/01\/Auto-Conhecimento.png\" alt=\"\" class=\"wp-image-162\" style=\"width:251px;height:auto\" srcset=\"https:\/\/gruporeal.app.br\/blog\/wp-content\/uploads\/2024\/01\/Auto-Conhecimento.png 427w, https:\/\/gruporeal.app.br\/blog\/wp-content\/uploads\/2024\/01\/Auto-Conhecimento-279x300.png 279w\" sizes=\"auto, (max-width: 427px) 100vw, 427px\" \/><\/figure>\n<\/div>\n<\/div>\n\n\n\n<p class=\"has-medium-font-size\"><strong>Aprenda com os erros e acertos <\/strong><\/p>\n\n\n\n<p>Quando voc\u00ea aprende a lidar com os altos e baixos inerentes \u00e0 caminhada empreendedora, voc\u00ea aprende uma li\u00e7\u00e3o valiosa: n\u00e3o esmorecer quando \u00e9 acometido por algum obst\u00e1culo.<\/p>\n\n\n\n<div class=\"wp-block-columns is-layout-flex wp-container-core-columns-is-layout-9d6595d7 wp-block-columns-is-layout-flex\">\n<div class=\"wp-block-column is-layout-flow wp-block-column-is-layout-flow\">\n<p>Sim, obst\u00e1culos v\u00e3o sempre existir. O ideal \u00e9 sempre tentar descobrir as falhas que precederam os erros e consert\u00e1-los na origem, dessa forma, voc\u00ea estar\u00e1 sempre mais perto de grandes resultados.<\/p>\n\n\n\n<p class=\"has-small-font-size\"><em>Lembre-se: muitas vezes os erros ensinam mais que os acertos!<\/em><\/p>\n<\/div>\n\n\n\n<div class=\"wp-block-column is-layout-flow wp-block-column-is-layout-flow\">\n<figure class=\"wp-block-image size-full is-resized\"><img loading=\"lazy\" decoding=\"async\" width=\"439\" height=\"365\" src=\"https:\/\/gruporeal.app.br\/blog\/wp-content\/uploads\/2024\/01\/Erros-e-acertos.png\" alt=\"\" class=\"wp-image-163\" style=\"width:224px;height:auto\" srcset=\"https:\/\/gruporeal.app.br\/blog\/wp-content\/uploads\/2024\/01\/Erros-e-acertos.png 439w, https:\/\/gruporeal.app.br\/blog\/wp-content\/uploads\/2024\/01\/Erros-e-acertos-300x249.png 300w\" sizes=\"auto, (max-width: 439px) 100vw, 439px\" \/><\/figure>\n<\/div>\n<\/div>\n\n\n\n<p class=\"has-medium-font-size\"><strong>Planejar, planejar e planejar mais um pouco.<\/strong><\/p>\n\n\n\n<div class=\"wp-block-columns is-layout-flex wp-container-core-columns-is-layout-9d6595d7 wp-block-columns-is-layout-flex\">\n<div class=\"wp-block-column is-layout-flow wp-block-column-is-layout-flow\">\n<p>Quer minimizar riscos? Ent\u00e3o, adote o planejamento como principal recurso ou, no seu caso, um bom plano de neg\u00f3cios.<\/p>\n\n\n\n<p>O conceito de planejamento \u00e9 basicamente minimizar os riscos que envolvem um processo de tomada de decis\u00e3o. Voc\u00ea analisa possibilidades e cen\u00e1rios previamente para que possa otimizar a utiliza\u00e7\u00e3o dos seus recursos.<\/p>\n<\/div>\n\n\n\n<div class=\"wp-block-column is-layout-flow wp-block-column-is-layout-flow\">\n<figure class=\"wp-block-image size-full is-resized\"><img loading=\"lazy\" decoding=\"async\" width=\"461\" height=\"369\" src=\"https:\/\/gruporeal.app.br\/blog\/wp-content\/uploads\/2024\/01\/Planejar-planejar-e-planejar.png\" alt=\"\" class=\"wp-image-164\" style=\"width:281px;height:auto\" srcset=\"https:\/\/gruporeal.app.br\/blog\/wp-content\/uploads\/2024\/01\/Planejar-planejar-e-planejar.png 461w, https:\/\/gruporeal.app.br\/blog\/wp-content\/uploads\/2024\/01\/Planejar-planejar-e-planejar-300x240.png 300w\" sizes=\"auto, (max-width: 461px) 100vw, 461px\" \/><\/figure>\n<\/div>\n<\/div>\n\n\n\n<p class=\"has-medium-font-size\"><strong>Livros que v\u00e3o te inspirar!<\/strong><\/p>\n\n\n<div class=\"wp-block-image\">\n<figure class=\"aligncenter size-full is-resized\"><img loading=\"lazy\" decoding=\"async\" width=\"959\" height=\"493\" src=\"https:\/\/gruporeal.app.br\/blog\/wp-content\/uploads\/2024\/01\/Livros-1.png\" alt=\"\" class=\"wp-image-166\" style=\"width:673px;height:auto\" srcset=\"https:\/\/gruporeal.app.br\/blog\/wp-content\/uploads\/2024\/01\/Livros-1.png 959w, https:\/\/gruporeal.app.br\/blog\/wp-content\/uploads\/2024\/01\/Livros-1-300x154.png 300w, https:\/\/gruporeal.app.br\/blog\/wp-content\/uploads\/2024\/01\/Livros-1-768x395.png 768w\" sizes=\"auto, (max-width: 959px) 100vw, 959px\" \/><\/figure>\n<\/div>\n\n\n<hr class=\"wp-block-separator aligncenter has-alpha-channel-opacity is-style-dots\"\/>\n\n\n\n<div class=\"wp-block-columns is-layout-flex wp-container-core-columns-is-layout-9d6595d7 wp-block-columns-is-layout-flex\">\n<div class=\"wp-block-column is-layout-flow wp-block-column-is-layout-flow\">\n<p>Deixamos para o final uma dica muito importante: escolher bem seu parceiro comercial. E quando se trata equipamentos e produtos para o empreendedor, a Real Equipamentos \u00e9 a sua melhor op\u00e7\u00e3o.<\/p>\n\n\n\n<p>Aqui voc\u00ea encontra muitas op\u00e7\u00f5es para diversos segmentos como: restaurantes, bares, panificadoras, supermercados, a\u00e7ougues e muito mais.<\/p>\n<\/div>\n\n\n\n<div class=\"wp-block-column is-layout-flow wp-block-column-is-layout-flow\">\n<figure class=\"wp-block-image size-full is-resized\"><img loading=\"lazy\" decoding=\"async\" width=\"662\" height=\"384\" src=\"https:\/\/gruporeal.app.br\/blog\/wp-content\/uploads\/2024\/01\/Podio.png\" alt=\"\" class=\"wp-image-167\" style=\"width:391px;height:auto\" srcset=\"https:\/\/gruporeal.app.br\/blog\/wp-content\/uploads\/2024\/01\/Podio.png 662w, https:\/\/gruporeal.app.br\/blog\/wp-content\/uploads\/2024\/01\/Podio-300x174.png 300w\" sizes=\"auto, (max-width: 662px) 100vw, 662px\" \/><\/figure>\n<\/div>\n<\/div>\n\n\n\n<p>E para voc\u00ea iniciar sua trajet\u00f3ria empreendedora, invista agora e pague depois! Sim, na Real Equipamentos voc\u00ea garante tudo o que precisa par ao seu neg\u00f3cio e come\u00e7a a pagar em at\u00e9 90 dias e com 10% de desconto!<\/p>\n\n\n\n<div class=\"wp-block-buttons is-layout-flex wp-block-buttons-is-layout-flex\">\n<div class=\"wp-block-button has-custom-font-size is-style-fill has-medium-font-size\"><a class=\"wp-block-button__link has-text-color has-background has-link-color wp-element-button\" href=\"https:\/\/gruporeal.app.br\/blog\/wp-content\/uploads\/2024\/01\/E-book_Nao-faltam-motivos-para-iniciar-o-seu-negocio.pdf\" style=\"border-radius:4px;color:#1a1a16;background-color:#ffc700\" target=\"_blank\" rel=\"noreferrer noopener\"><strong>BAIXAR E-BOOK<\/strong><\/a><\/div>\n<\/div>\n","protected":false},"excerpt":{"rendered":"<p>Chega de protelar o seu sonho: Seja dono do seu pr\u00f3prio neg\u00f3cio em 2024! N\u00e3o faltam motivos para voc\u00ea iniciar seu neg\u00f3cio: apoio para o seu desenvolvimento, seu desejo e um belo incentivo da melhor parceira do empreendedor. Seja dono do seu pr\u00f3prio neg\u00f3cio em 2024! Se voc\u00ea j\u00e1 possui um desejo, uma expertise e [&hellip;]<\/p>\n","protected":false},"author":2,"featured_media":177,"comment_status":"open","ping_status":"open","sticky":false,"template":"","format":"standard","meta":{"_acf_changed":false,"footnotes":""},"categories":[14,12,1],"tags":[],"class_list":["post-161","post","type-post","status-publish","format-standard","has-post-thumbnail","hentry","category-dicas-para-o-seu-negocio","category-empreendedorismo","category-sem-categoria"],"acf":[],"_links":{"self":[{"href":"https:\/\/gruporeal.app.br\/blog\/wp-json\/wp\/v2\/posts\/161","targetHints":{"allow":["GET"]}}],"collection":[{"href":"https:\/\/gruporeal.app.br\/blog\/wp-json\/wp\/v2\/posts"}],"about":[{"href":"https:\/\/gruporeal.app.br\/blog\/wp-json\/wp\/v2\/types\/post"}],"author":[{"embeddable":true,"href":"https:\/\/gruporeal.app.br\/blog\/wp-json\/wp\/v2\/users\/2"}],"replies":[{"embeddable":true,"href":"https:\/\/gruporeal.app.br\/blog\/wp-json\/wp\/v2\/comments?post=161"}],"version-history":[{"count":3,"href":"https:\/\/gruporeal.app.br\/blog\/wp-json\/wp\/v2\/posts\/161\/revisions"}],"predecessor-version":[{"id":281,"href":"https:\/\/gruporeal.app.br\/blog\/wp-json\/wp\/v2\/posts\/161\/revisions\/281"}],"wp:featuredmedia":[{"embeddable":true,"href":"https:\/\/gruporeal.app.br\/blog\/wp-json\/wp\/v2\/media\/177"}],"wp:attachment":[{"href":"https:\/\/gruporeal.app.br\/blog\/wp-json\/wp\/v2\/media?parent=161"}],"wp:term":[{"taxonomy":"category","embeddable":true,"href":"https:\/\/gruporeal.app.br\/blog\/wp-json\/wp\/v2\/categories?post=161"},{"taxonomy":"post_tag","embeddable":true,"href":"https:\/\/gruporeal.app.br\/blog\/wp-json\/wp\/v2\/tags?post=161"}],"curies":[{"name":"wp","href":"https:\/\/api.w.org\/{rel}","templated":true}]}}